{"id":1049,"date":"2019-09-04T16:37:28","date_gmt":"2019-09-04T14:37:28","guid":{"rendered":"http:\/\/cdsportadapte57.fr\/?p=1049"},"modified":"2019-09-04T16:37:29","modified_gmt":"2019-09-04T14:37:29","slug":"ludovic-en-route-pour-les-global-games-inas-2019-a-brisbane","status":"publish","type":"post","link":"https:\/\/cdsportadapte57.fr\/?p=1049","title":{"rendered":"Ludovic en route pour les Global Games INAS 2019 \u00e0 Brisbane."},"content":{"rendered":"\n<figure class=\"wp-block-image\"><img loading=\"lazy\" decoding=\"async\" width=\"1000\" height=\"1024\" src=\"http:\/\/cdsportadapte57.fr\/wp-content\/uploads\/2019\/09\/Global-Games-INAS-2019-LudovicMORAINVILLE-V2-converti-\u00e9dit\u00e9-page-007-1000x1024.jpg\" alt=\"\" class=\"wp-image-1057\" srcset=\"https:\/\/cdsportadapte57.fr\/wp-content\/uploads\/2019\/09\/Global-Games-INAS-2019-LudovicMORAINVILLE-V2-converti-\u00e9dit\u00e9-page-007-1000x1024.jpg 1000w, https:\/\/cdsportadapte57.fr\/wp-content\/uploads\/2019\/09\/Global-Games-INAS-2019-LudovicMORAINVILLE-V2-converti-\u00e9dit\u00e9-page-007-293x300.jpg 293w, https:\/\/cdsportadapte57.fr\/wp-content\/uploads\/2019\/09\/Global-Games-INAS-2019-LudovicMORAINVILLE-V2-converti-\u00e9dit\u00e9-page-007-768x786.jpg 768w, https:\/\/cdsportadapte57.fr\/wp-content\/uploads\/2019\/09\/Global-Games-INAS-2019-LudovicMORAINVILLE-V2-converti-\u00e9dit\u00e9-page-007.jpg 1217w\" sizes=\"auto, (max-width: 1000px) 100vw, 1000px\" \/><\/figure>\n\n\n\n<figure class=\"wp-block-image\"><img loading=\"lazy\" decoding=\"async\" width=\"1024\" height=\"295\" src=\"http:\/\/cdsportadapte57.fr\/wp-content\/uploads\/2019\/09\/Global-Games-INAS-2019-LudovicMORAINVILLE-V2-converti-\u00e9dit\u00e9-page-001-1-1024x295.jpg\" alt=\"\" class=\"wp-image-1067\" srcset=\"https:\/\/cdsportadapte57.fr\/wp-content\/uploads\/2019\/09\/Global-Games-INAS-2019-LudovicMORAINVILLE-V2-converti-\u00e9dit\u00e9-page-001-1-1024x295.jpg 1024w, https:\/\/cdsportadapte57.fr\/wp-content\/uploads\/2019\/09\/Global-Games-INAS-2019-LudovicMORAINVILLE-V2-converti-\u00e9dit\u00e9-page-001-1-300x86.jpg 300w, https:\/\/cdsportadapte57.fr\/wp-content\/uploads\/2019\/09\/Global-Games-INAS-2019-LudovicMORAINVILLE-V2-converti-\u00e9dit\u00e9-page-001-1-768x221.jpg 768w, https:\/\/cdsportadapte57.fr\/wp-content\/uploads\/2019\/09\/Global-Games-INAS-2019-LudovicMORAINVILLE-V2-converti-\u00e9dit\u00e9-page-001-1.jpg 1174w\" sizes=\"auto, (max-width: 1024px) 100vw, 1024px\" \/><\/figure>\n\n\n\n<div class=\"wp-block-image\"><figure class=\"aligncenter\"><img loading=\"lazy\" decoding=\"async\" width=\"403\" height=\"606\" src=\"http:\/\/cdsportadapte57.fr\/wp-content\/uploads\/2019\/09\/67352326_2613234588720927_7784438794467409920_n.png\" alt=\"\" class=\"wp-image-1060\" srcset=\"https:\/\/cdsportadapte57.fr\/wp-content\/uploads\/2019\/09\/67352326_2613234588720927_7784438794467409920_n.png 403w, https:\/\/cdsportadapte57.fr\/wp-content\/uploads\/2019\/09\/67352326_2613234588720927_7784438794467409920_n-200x300.png 200w\" sizes=\"auto, (max-width: 403px) 100vw, 403px\" \/><\/figure><\/div>\n\n\n\n<p class=\"wp-block-paragraph\" style=\"text-align:center\"><strong>Le parcours et le superbe palmar\u00e8s de Ludovic !<\/strong><\/p>\n\n\n\n<figure class=\"wp-block-image\"><img loading=\"lazy\" decoding=\"async\" width=\"1024\" height=\"589\" src=\"http:\/\/cdsportadapte57.fr\/wp-content\/uploads\/2019\/09\/PALMARES--1024x589.jpg\" alt=\"\" class=\"wp-image-1065\" srcset=\"https:\/\/cdsportadapte57.fr\/wp-content\/uploads\/2019\/09\/PALMARES--1024x589.jpg 1024w, https:\/\/cdsportadapte57.fr\/wp-content\/uploads\/2019\/09\/PALMARES--300x172.jpg 300w, https:\/\/cdsportadapte57.fr\/wp-content\/uploads\/2019\/09\/PALMARES--768x441.jpg 768w, https:\/\/cdsportadapte57.fr\/wp-content\/uploads\/2019\/09\/PALMARES--1320x759.jpg 1320w\" sizes=\"auto, (max-width: 1024px) 100vw, 1024px\" \/><\/figure>\n\n\n\n<div class=\"wp-block-image\"><figure class=\"aligncenter\"><img loading=\"lazy\" decoding=\"async\" width=\"530\" height=\"666\" src=\"http:\/\/cdsportadapte57.fr\/wp-content\/uploads\/2019\/09\/Ludovic-Morainville-Sport-adapt\u00c3\u00a9-tennis-de-table-Copie.jpg\" alt=\"\" class=\"wp-image-1062\" srcset=\"https:\/\/cdsportadapte57.fr\/wp-content\/uploads\/2019\/09\/Ludovic-Morainville-Sport-adapt\u00c3\u00a9-tennis-de-table-Copie.jpg 530w, https:\/\/cdsportadapte57.fr\/wp-content\/uploads\/2019\/09\/Ludovic-Morainville-Sport-adapt\u00c3\u00a9-tennis-de-table-Copie-239x300.jpg 239w\" sizes=\"auto, (max-width: 530px) 100vw, 530px\" \/><figcaption>during the evening of the champions at CNOSF building, in Paris, France, on january 26, 2016 &#8211; Photo Philippe Millereau \/ KMSP \/ DPPI<\/figcaption><\/figure><\/div>\n\n\n\n<figure class=\"wp-block-image\"><img loading=\"lazy\" decoding=\"async\" width=\"1024\" height=\"752\" src=\"http:\/\/cdsportadapte57.fr\/wp-content\/uploads\/2019\/09\/DSC01995-1024x752.jpg\" alt=\"\" class=\"wp-image-1063\" srcset=\"https:\/\/cdsportadapte57.fr\/wp-content\/uploads\/2019\/09\/DSC01995-1024x752.jpg 1024w, https:\/\/cdsportadapte57.fr\/wp-content\/uploads\/2019\/09\/DSC01995-300x220.jpg 300w, https:\/\/cdsportadapte57.fr\/wp-content\/uploads\/2019\/09\/DSC01995-768x564.jpg 768w, https:\/\/cdsportadapte57.fr\/wp-content\/uploads\/2019\/09\/DSC01995-1320x969.jpg 1320w\" sizes=\"auto, (max-width: 1024px) 100vw, 1024px\" \/><figcaption>Ludovic \u00e0 l&rsquo;entrainement<\/figcaption><\/figure>\n\n\n\n<p style=\"text-align:center\" class=\"has-small-font-size wp-block-paragraph\">Toutes les \u00e9quipes de France se sont pr\u00e9par\u00e9es tout l&rsquo;\u00e9t\u00e9. En dehors des divers stages par discipline pr\u00e9vus jusqu&rsquo;au d\u00e9part, la d\u00e9l\u00e9gation fran\u00e7aise s&rsquo;est retrouv\u00e9 pendant une semaine \u00e0 Vichy avant de s&rsquo;envoler vers Brisbane du 5 au 11 octobre au Sports Super Center Gold Coast.<\/p>\n\n\n\n<p class=\"has-small-font-size wp-block-paragraph\">Nous partagerons avec vous des r\u00e9sum\u00e9s et des photos de Ludovic et des Global Games INAS en octobre. <\/p>\n\n\n\n<p class=\"wp-block-paragraph\"><\/p>\n","protected":false},"excerpt":{"rendered":"<p>Le parcours et le superbe palmar\u00e8s de Ludovic ! Toutes les \u00e9quipes de France se sont pr\u00e9par\u00e9es tout l&rsquo;\u00e9t\u00e9. En dehors des divers stages par discipline pr\u00e9vus jusqu&rsquo;au d\u00e9part, la&hellip; <\/p>\n","protected":false},"author":16,"featured_media":1060,"comment_status":"open","ping_status":"open","sticky":false,"template":"","format":"standard","meta":{"_crdt_document":"","jetpack_post_was_ever_published":false,"_jetpack_newsletter_access":"","_jetpack_dont_email_post_to_subs":false,"_jetpack_newsletter_tier_id":0,"_jetpack_memberships_contains_paywalled_content":false,"_jetpack_memberships_contains_paid_content":false,"footnotes":"","jetpack_publicize_message":"","jetpack_publicize_feature_enabled":true,"jetpack_social_post_already_shared":true,"jetpack_social_options":{"image_generator_settings":{"template":"highway","default_image_id":0,"font":"","enabled":false},"version":2}},"categories":[9,7,1],"tags":[11,10],"class_list":["post-1049","post","type-post","status-publish","format-standard","has-post-thumbnail","hentry","category-le-comite-de-sport-adapte-57","category-les-infos-du-cdsa-de-moselle","category-non-classe","tag-cdsa57","tag-global-games-inas-2019"],"jetpack_publicize_connections":[],"jetpack_featured_media_url":"https:\/\/cdsportadapte57.fr\/wp-content\/uploads\/2019\/09\/67352326_2613234588720927_7784438794467409920_n.png","jetpack_sharing_enabled":true,"jetpack_shortlink":"https:\/\/wp.me\/pasBZt-gV","_links":{"self":[{"href":"https:\/\/cdsportadapte57.fr\/index.php?rest_route=\/wp\/v2\/posts\/1049","targetHints":{"allow":["GET"]}}],"collection":[{"href":"https:\/\/cdsportadapte57.fr\/index.php?rest_route=\/wp\/v2\/posts"}],"about":[{"href":"https:\/\/cdsportadapte57.fr\/index.php?rest_route=\/wp\/v2\/types\/post"}],"author":[{"embeddable":true,"href":"https:\/\/cdsportadapte57.fr\/index.php?rest_route=\/wp\/v2\/users\/16"}],"replies":[{"embeddable":true,"href":"https:\/\/cdsportadapte57.fr\/index.php?rest_route=%2Fwp%2Fv2%2Fcomments&post=1049"}],"version-history":[{"count":18,"href":"https:\/\/cdsportadapte57.fr\/index.php?rest_route=\/wp\/v2\/posts\/1049\/revisions"}],"predecessor-version":[{"id":1077,"href":"https:\/\/cdsportadapte57.fr\/index.php?rest_route=\/wp\/v2\/posts\/1049\/revisions\/1077"}],"wp:featuredmedia":[{"embeddable":true,"href":"https:\/\/cdsportadapte57.fr\/index.php?rest_route=\/wp\/v2\/media\/1060"}],"wp:attachment":[{"href":"https:\/\/cdsportadapte57.fr\/index.php?rest_route=%2Fwp%2Fv2%2Fmedia&parent=1049"}],"wp:term":[{"taxonomy":"category","embeddable":true,"href":"https:\/\/cdsportadapte57.fr\/index.php?rest_route=%2Fwp%2Fv2%2Fcategories&post=1049"},{"taxonomy":"post_tag","embeddable":true,"href":"https:\/\/cdsportadapte57.fr\/index.php?rest_route=%2Fwp%2Fv2%2Ftags&post=1049"}],"curies":[{"name":"wp","href":"https:\/\/api.w.org\/{rel}","templated":true}]}}